{"@context":"https:\/\/schema.org\/","@type":"CollectionPage","@id":"https:\/\/www.amsareal.cz\/elektro\/#CollectionPage","headline":"Elektro Category","description":"","url":"https:\/\/www.amsareal.cz\/elektro\/","hasPart":[{"@type":"Article","@id":"https:\/\/www.amsareal.cz\/stare-a-vyslouzile-elektrospotrebice\/","headline":"Star\u00e9 a vyslou\u017eil\u00e9 elektrospot\u0159ebi\u010de","url":"https:\/\/www.amsareal.cz\/stare-a-vyslouzile-elektrospotrebice\/","datePublished":"2025-03-06","dateModified":"2023-04-29","mainEntityOfPage":"https:\/\/www.amsareal.cz\/stare-a-vyslouzile-elektrospotrebice\/","author":{"@type":"Person","@id":"https:\/\/www.amsareal.cz\/author\/#Person","name":"amsareal.cz\n","url":"https:\/\/www.amsareal.cz\/author\/","identifier":1,"image":{"@type":"ImageObject","@id":"https:\/\/secure.gravatar.com\/avatar\/d3163b56da0fbe010a5181dcf7396b9bd721056c768c8d190d293b864efe53fe?s=96&d=mm&r=g","url":"https:\/\/secure.gravatar.com\/avatar\/d3163b56da0fbe010a5181dcf7396b9bd721056c768c8d190d293b864efe53fe?s=96&d=mm&r=g","height":96,"width":96}},"publisher":{"@type":"Organization","name":"amsareal.cz","logo":{"@type":"ImageObject","@id":"\/logo.png","url":"\/logo.png","width":600,"height":60}},"image":{"@type":"ImageObject","@id":"https:\/\/www.amsareal.cz\/wp-content\/uploads\/img_a303183_w1907_t1513337990.png","url":"https:\/\/www.amsareal.cz\/wp-content\/uploads\/img_a303183_w1907_t1513337990.png","height":0,"width":0},"keywords":null},{"@type":"Article","@id":"https:\/\/www.amsareal.cz\/elektronicka-ctecka-knih-ano-nebo-ne\/","headline":"Elektronick\u00e1 \u010dte\u010dka knih \u2013 ano nebo ne?","url":"https:\/\/www.amsareal.cz\/elektronicka-ctecka-knih-ano-nebo-ne\/","datePublished":"2025-03-05","dateModified":"2023-04-29","mainEntityOfPage":"https:\/\/www.amsareal.cz\/elektronicka-ctecka-knih-ano-nebo-ne\/","author":{"@type":"Person","@id":"https:\/\/www.amsareal.cz\/author\/#Person","name":"amsareal.cz\n","url":"https:\/\/www.amsareal.cz\/author\/","identifier":1,"image":{"@type":"ImageObject","@id":"https:\/\/secure.gravatar.com\/avatar\/d3163b56da0fbe010a5181dcf7396b9bd721056c768c8d190d293b864efe53fe?s=96&d=mm&r=g","url":"https:\/\/secure.gravatar.com\/avatar\/d3163b56da0fbe010a5181dcf7396b9bd721056c768c8d190d293b864efe53fe?s=96&d=mm&r=g","height":96,"width":96}},"publisher":{"@type":"Organization","name":"amsareal.cz","logo":{"@type":"ImageObject","@id":"\/logo.png","url":"\/logo.png","width":600,"height":60}},"image":{"@type":"ImageObject","@id":"https:\/\/www.amsareal.cz\/wp-content\/uploads\/img_a301451_w1907_t1511513539.jpg","url":"https:\/\/www.amsareal.cz\/wp-content\/uploads\/img_a301451_w1907_t1511513539.jpg","height":0,"width":0},"keywords":null},{"@type":"Article","@id":"https:\/\/www.amsareal.cz\/zabezpeceni-objektu-pres-domaci-sit-wi-fi-je-dnes-bezne-a-cenove-dostupne\/","headline":"Zabezpe\u010den\u00ed objektu p\u0159es dom\u00e1c\u00ed s\u00ed\u0165 Wi-Fi je dnes b\u011b\u017en\u00e9 a cenov\u011b dostupn\u00e9","url":"https:\/\/www.amsareal.cz\/zabezpeceni-objektu-pres-domaci-sit-wi-fi-je-dnes-bezne-a-cenove-dostupne\/","datePublished":"2025-03-02","dateModified":"2023-04-29","mainEntityOfPage":"https:\/\/www.amsareal.cz\/zabezpeceni-objektu-pres-domaci-sit-wi-fi-je-dnes-bezne-a-cenove-dostupne\/","author":{"@type":"Person","@id":"https:\/\/www.amsareal.cz\/author\/#Person","name":"amsareal.cz\n","url":"https:\/\/www.amsareal.cz\/author\/","identifier":1,"image":{"@type":"ImageObject","@id":"https:\/\/secure.gravatar.com\/avatar\/d3163b56da0fbe010a5181dcf7396b9bd721056c768c8d190d293b864efe53fe?s=96&d=mm&r=g","url":"https:\/\/secure.gravatar.com\/avatar\/d3163b56da0fbe010a5181dcf7396b9bd721056c768c8d190d293b864efe53fe?s=96&d=mm&r=g","height":96,"width":96}},"publisher":{"@type":"Organization","name":"amsareal.cz","logo":{"@type":"ImageObject","@id":"\/logo.png","url":"\/logo.png","width":600,"height":60}},"image":{"@type":"ImageObject","@id":"https:\/\/www.amsareal.cz\/wp-content\/uploads\/img_a310555_w1907_t1521496304.jpg","url":"https:\/\/www.amsareal.cz\/wp-content\/uploads\/img_a310555_w1907_t1521496304.jpg","height":0,"width":0},"keywords":null},{"@type":"Article","@id":"https:\/\/www.amsareal.cz\/prehrivani-pocitace\/","headline":"P\u0159eh\u0159\u00edv\u00e1n\u00ed po\u010d\u00edta\u010de","url":"https:\/\/www.amsareal.cz\/prehrivani-pocitace\/","datePublished":"2023-04-29","dateModified":"2023-04-29","mainEntityOfPage":"https:\/\/www.amsareal.cz\/prehrivani-pocitace\/","author":{"@type":"Person","@id":"https:\/\/www.amsareal.cz\/author\/#Person","name":"amsareal.cz\n","url":"https:\/\/www.amsareal.cz\/author\/","identifier":1,"image":{"@type":"ImageObject","@id":"https:\/\/secure.gravatar.com\/avatar\/d3163b56da0fbe010a5181dcf7396b9bd721056c768c8d190d293b864efe53fe?s=96&d=mm&r=g","url":"https:\/\/secure.gravatar.com\/avatar\/d3163b56da0fbe010a5181dcf7396b9bd721056c768c8d190d293b864efe53fe?s=96&d=mm&r=g","height":96,"width":96}},"publisher":{"@type":"Organization","name":"amsareal.cz","logo":{"@type":"ImageObject","@id":"\/logo.png","url":"\/logo.png","width":600,"height":60}},"image":null,"keywords":null},{"@type":"Article","@id":"https:\/\/www.amsareal.cz\/baterie-mobilnich-telefonu\/","headline":"Baterie mobiln\u00edch telefon\u016f","url":"https:\/\/www.amsareal.cz\/baterie-mobilnich-telefonu\/","datePublished":"2023-04-29","dateModified":"2023-04-29","mainEntityOfPage":"https:\/\/www.amsareal.cz\/baterie-mobilnich-telefonu\/","author":{"@type":"Person","@id":"https:\/\/www.amsareal.cz\/author\/#Person","name":"amsareal.cz\n","url":"https:\/\/www.amsareal.cz\/author\/","identifier":1,"image":{"@type":"ImageObject","@id":"https:\/\/secure.gravatar.com\/avatar\/d3163b56da0fbe010a5181dcf7396b9bd721056c768c8d190d293b864efe53fe?s=96&d=mm&r=g","url":"https:\/\/secure.gravatar.com\/avatar\/d3163b56da0fbe010a5181dcf7396b9bd721056c768c8d190d293b864efe53fe?s=96&d=mm&r=g","height":96,"width":96}},"publisher":{"@type":"Organization","name":"amsareal.cz","logo":{"@type":"ImageObject","@id":"\/logo.png","url":"\/logo.png","width":600,"height":60}},"image":null,"keywords":null},{"@type":"Article","@id":"https:\/\/www.amsareal.cz\/chytre-hodinky\/","headline":"Chytr\u00e9 hodinky","url":"https:\/\/www.amsareal.cz\/chytre-hodinky\/","datePublished":"2023-04-29","dateModified":"2023-04-29","mainEntityOfPage":"https:\/\/www.amsareal.cz\/chytre-hodinky\/","author":{"@type":"Person","@id":"https:\/\/www.amsareal.cz\/author\/#Person","name":"amsareal.cz\n","url":"https:\/\/www.amsareal.cz\/author\/","identifier":1,"image":{"@type":"ImageObject","@id":"https:\/\/secure.gravatar.com\/avatar\/d3163b56da0fbe010a5181dcf7396b9bd721056c768c8d190d293b864efe53fe?s=96&d=mm&r=g","url":"https:\/\/secure.gravatar.com\/avatar\/d3163b56da0fbe010a5181dcf7396b9bd721056c768c8d190d293b864efe53fe?s=96&d=mm&r=g","height":96,"width":96}},"publisher":{"@type":"Organization","name":"amsareal.cz","logo":{"@type":"ImageObject","@id":"\/logo.png","url":"\/logo.png","width":600,"height":60}},"image":null,"keywords":null},{"@type":"Article","@id":"https:\/\/www.amsareal.cz\/kouzlo-led-svitidel\/","headline":"Kouzlo LED sv\u00edtidel","url":"https:\/\/www.amsareal.cz\/kouzlo-led-svitidel\/","datePublished":"2019-06-27","dateModified":"2023-04-29","mainEntityOfPage":"https:\/\/www.amsareal.cz\/kouzlo-led-svitidel\/","author":{"@type":"Person","@id":"https:\/\/www.amsareal.cz\/author\/#Person","name":"amsareal.cz\n","url":"https:\/\/www.amsareal.cz\/author\/","identifier":1,"image":{"@type":"ImageObject","@id":"https:\/\/secure.gravatar.com\/avatar\/d3163b56da0fbe010a5181dcf7396b9bd721056c768c8d190d293b864efe53fe?s=96&d=mm&r=g","url":"https:\/\/secure.gravatar.com\/avatar\/d3163b56da0fbe010a5181dcf7396b9bd721056c768c8d190d293b864efe53fe?s=96&d=mm&r=g","height":96,"width":96}},"publisher":{"@type":"Organization","name":"amsareal.cz","logo":{"@type":"ImageObject","@id":"\/logo.png","url":"\/logo.png","width":600,"height":60}},"image":{"@type":"ImageObject","@id":"https:\/\/www.amsareal.cz\/wp-content\/uploads\/img_a347444_w1907_t1561720664.jpg","url":"https:\/\/www.amsareal.cz\/wp-content\/uploads\/img_a347444_w1907_t1561720664.jpg","height":0,"width":0},"keywords":null},{"@type":"Article","@id":"https:\/\/www.amsareal.cz\/nesetrete-a-usetrete\/","headline":"Ne\u0161et\u0159ete a u\u0161et\u0159ete","url":"https:\/\/www.amsareal.cz\/nesetrete-a-usetrete\/","datePublished":"2019-02-16","dateModified":"2023-04-29","mainEntityOfPage":"https:\/\/www.amsareal.cz\/nesetrete-a-usetrete\/","author":{"@type":"Person","@id":"https:\/\/www.amsareal.cz\/author\/#Person","name":"amsareal.cz\n","url":"https:\/\/www.amsareal.cz\/author\/","identifier":1,"image":{"@type":"ImageObject","@id":"https:\/\/secure.gravatar.com\/avatar\/d3163b56da0fbe010a5181dcf7396b9bd721056c768c8d190d293b864efe53fe?s=96&d=mm&r=g","url":"https:\/\/secure.gravatar.com\/avatar\/d3163b56da0fbe010a5181dcf7396b9bd721056c768c8d190d293b864efe53fe?s=96&d=mm&r=g","height":96,"width":96}},"publisher":{"@type":"Organization","name":"amsareal.cz","logo":{"@type":"ImageObject","@id":"\/logo.png","url":"\/logo.png","width":600,"height":60}},"image":{"@type":"ImageObject","@id":"https:\/\/www.amsareal.cz\/wp-content\/uploads\/img_a338099_w1907_t1550918262.jpg","url":"https:\/\/www.amsareal.cz\/wp-content\/uploads\/img_a338099_w1907_t1550918262.jpg","height":0,"width":0},"keywords":null},{"@type":"Article","@id":"https:\/\/www.amsareal.cz\/6-duvodu-proc-se-led-zarovka-vyplati\/","headline":"6 d\u016fvod\u016f, pro\u010d se LED \u017e\u00e1rovka vyplat\u00ed","url":"https:\/\/www.amsareal.cz\/6-duvodu-proc-se-led-zarovka-vyplati\/","datePublished":"2018-08-16","dateModified":"2023-04-29","mainEntityOfPage":"https:\/\/www.amsareal.cz\/6-duvodu-proc-se-led-zarovka-vyplati\/","author":{"@type":"Person","@id":"https:\/\/www.amsareal.cz\/author\/#Person","name":"amsareal.cz\n","url":"https:\/\/www.amsareal.cz\/author\/","identifier":1,"image":{"@type":"ImageObject","@id":"https:\/\/secure.gravatar.com\/avatar\/d3163b56da0fbe010a5181dcf7396b9bd721056c768c8d190d293b864efe53fe?s=96&d=mm&r=g","url":"https:\/\/secure.gravatar.com\/avatar\/d3163b56da0fbe010a5181dcf7396b9bd721056c768c8d190d293b864efe53fe?s=96&d=mm&r=g","height":96,"width":96}},"publisher":{"@type":"Organization","name":"amsareal.cz","logo":{"@type":"ImageObject","@id":"\/logo.png","url":"\/logo.png","width":600,"height":60}},"image":{"@type":"ImageObject","@id":"https:\/\/www.amsareal.cz\/wp-content\/uploads\/img_a323569_w1907_t1535310503.jpg","url":"https:\/\/www.amsareal.cz\/wp-content\/uploads\/img_a323569_w1907_t1535310503.jpg","height":0,"width":0},"keywords":null}]}