[{"@context":"https:\/\/schema.org\/","@type":"Article","@id":"https:\/\/www.amsareal.cz\/pujcovna-dodavek-je-nejvice-vytizena-v-lete\/#Article","mainEntityOfPage":"https:\/\/www.amsareal.cz\/pujcovna-dodavek-je-nejvice-vytizena-v-lete\/","headline":"P\u016fj\u010dovna dod\u00e1vek je nejv\u00edce vyt\u00ed\u017een\u00e1 v l\u00e9t\u011b","name":"P\u016fj\u010dovna dod\u00e1vek je nejv\u00edce vyt\u00ed\u017een\u00e1 v l\u00e9t\u011b","description":"Dod\u00e1vky se na dovolenou vyu\u017e\u00edvaj\u00ed pom\u011brn\u011b \u010dasto, potvrzuj\u00ed to n\u011bkter\u00e9 renomovan\u00e9 p\u016fj\u010dovny dod\u00e1vek Rentcarservice nejen na z\u00e1klad\u011b z\u00e1kaznick\u00fdch referenc\u00ed, ale i dle vlastn\u00edch statistik. Vozidla b\u00fdvaj\u00ed rozebr\u00e1na p\u0159edev\u0161\u00edm v obdob\u00ed letn\u00edm, tedy od \u010dervna do z\u00e1\u0159\u00ed, a pokud m\u00e1te z\u00e1jem takto vycestovat i na p\u00e1r dn\u016f, pl\u00e1nujte rezervaci rad\u011bji s p\u0159edstihem alespo\u0148 dvou t\u00fddn\u016f. J\u00edzda&hellip; <a href=\"https:\/\/www.amsareal.cz\/pujcovna-dodavek-je-nejvice-vytizena-v-lete\/\">Pokra\u010dovat ve \u010dten\u00ed <span class=\"screen-reader-text\">P\u016fj\u010dovna dod\u00e1vek je nejv\u00edce vyt\u00ed\u017een\u00e1 v l\u00e9t\u011b<\/span><\/a>","datePublished":"2020-09-16","dateModified":"2023-04-29","author":{"@type":"Person","@id":"https:\/\/www.amsareal.cz\/author\/#Person","name":"amsareal.cz\n","url":"https:\/\/www.amsareal.cz\/author\/","identifier":1,"image":{"@type":"ImageObject","@id":"https:\/\/secure.gravatar.com\/avatar\/d3163b56da0fbe010a5181dcf7396b9bd721056c768c8d190d293b864efe53fe?s=96&d=mm&r=g","url":"https:\/\/secure.gravatar.com\/avatar\/d3163b56da0fbe010a5181dcf7396b9bd721056c768c8d190d293b864efe53fe?s=96&d=mm&r=g","height":96,"width":96}},"publisher":{"@type":"Organization","name":"amsareal.cz","logo":{"@type":"ImageObject","@id":"\/logo.png","url":"\/logo.png","width":600,"height":60}},"image":{"@type":"ImageObject","@id":"https:\/\/www.amsareal.cz\/wp-content\/uploads\/krajina%20u%20B%C5%99eclavi.PNG","url":"https:\/\/www.amsareal.cz\/wp-content\/uploads\/krajina%20u%20B%C5%99eclavi.PNG","height":0,"width":0},"url":"https:\/\/www.amsareal.cz\/pujcovna-dodavek-je-nejvice-vytizena-v-lete\/","about":["Slu\u017eby"],"wordCount":437,"articleBody":"      Dod\u00e1vky se na dovolenou vyu\u017e\u00edvaj\u00ed pom\u011brn\u011b \u010dasto, potvrzuj\u00ed to n\u011bkter\u00e9 renomovan\u00e9 p\u016fj\u010dovny dod\u00e1vek Rentcarservice nejen na z\u00e1klad\u011b z\u00e1kaznick\u00fdch referenc\u00ed, ale i dle vlastn\u00edch statistik. Vozidla b\u00fdvaj\u00ed rozebr\u00e1na p\u0159edev\u0161\u00edm v obdob\u00ed letn\u00edm, tedy od \u010dervna do z\u00e1\u0159\u00ed, a pokud m\u00e1te z\u00e1jem takto vycestovat i na p\u00e1r dn\u016f, pl\u00e1nujte rezervaci rad\u011bji s p\u0159edstihem alespo\u0148 dvou t\u00fddn\u016f.J\u00edzda v jednom voze, kter\u00fd pojme v\u0161echna pot\u0159ebn\u00e1 zavazadla, je atraktivn\u00ed p\u0159edev\u0161\u00edm pro mlad\u00e9 z\u00e1jemce, kte\u0159\u00ed se r\u00e1di pohybuj\u00ed nez\u00e1visle na hromadn\u00fdch dopravn\u00edch prost\u0159edc\u00edch, a pokud mo\u017eno pohromad\u011b. Pron\u00e1jmy jsou v\u00fdhodn\u00e9 pro po\u010detn\u011bj\u0161\u00ed skupiny, kdy se cena slu\u017eby rozpo\u010d\u00edt\u00e1 na osobu, a z\u00e1rove\u0148 je mo\u017en\u00e9 v\u016fz vyu\u017e\u00edt jako z\u00e1zem\u00ed pro stanov\u00e1n\u00ed v kempech.Kempov\u00e1n\u00ed s dod\u00e1vkami se tak\u00e9 stalo sou\u010dasn\u00fdm hitem ze dvou d\u016fvod\u016f \u2013 jednak nejste omezov\u00e1ni hotely a penziony, kdy n\u011bkter\u00e9 z nich z obav p\u0159ed n\u00e1kazou koronaviru sv\u00e9 klienty nep\u0159\u00edjemn\u011b prov\u011b\u0159uj\u00ed, a z\u00e1rove\u0148 je pobyt v kempu v \u010cesku bezpe\u010dn\u011bj\u0161\u00ed, ne\u017e kdekoli v zahrani\u010d\u00ed. Mnoz\u00ed z n\u00e1s si rovn\u011b\u017e uv\u011bdomuj\u00ed, \u017ee je v \u010cesku tolik n\u00e1dhern\u00fdch m\u00edst, kde se d\u00e1 pro\u017e\u00edt i \u201edovolen\u00e1 sn\u016f\u201c.Co takhle Ji\u017en\u00ed MoravaKemp\u016f v bl\u00edzkosti p\u0159ehrady Nov\u00e9 Ml\u00fdny je n\u011bkolik, v l\u00e9t\u011b je tu b\u00e1je\u010dn\u00e9 koup\u00e1n\u00ed a nedaleko odtud si m\u016f\u017eete prohl\u00e9dnout z\u00e1mek Lednice s rozs\u00e1hl\u00fdm parkem, nebo se kochat v\u00fdjime\u010dn\u00fdmi rozhledy do krajiny z vrcholk\u016f P\u00e1lavy, p\u0159\u00edpadn\u011b ochutnat n\u011bkter\u00fd z vyhl\u00e1\u0161en\u00fdch vina\u0159sk\u00fdch produkt\u016f.V\u00fdprava za hrani\u010dn\u00edmi troj\u00faheln\u00edkyM\u00e1te-li p\u0159ece jen z\u00e1jem vycestovat alespo\u0148 do Rakouska, nebo na Slovensko, vyu\u017eijte t\u00e9to v\u00fdhodn\u00e9 polohy n\u011bkolika tzv. hrani\u010dn\u00edch troj\u00faheln\u00edk\u016f. Prvn\u00ed bod, kde se st\u00fdkaj\u00ed t\u0159i pomysln\u00e9 hrani\u010dn\u00ed troj\u00faheln\u00edky \u010ceska, Rakouska a Slovenska, je pobl\u00ed\u017e obce Lan\u017ehot a druh\u00fd bod asi 40 km odtud ji\u017en\u00edm sm\u011brem mezi Bratislavou, ma\u010farsk\u00fdm Gy\u00f6rem a V\u00eddn\u00ed. S dod\u00e1vkou se sem m\u016f\u017eete vypravit i na jednodenn\u00ed v\u00fdlety a nen\u00ed nutn\u00e9 nocovat za hranicemi \u010ceska. Za jeden den zvl\u00e1dnete shl\u00e9dnout jak zmi\u0148ovan\u00e1 zahrani\u010dn\u00ed m\u011bsta, tak i rakousk\u00e9 Alpy, nebo p\u0159ekr\u00e1sn\u00e9 Nezidersk\u00e9 jezero.                                                                                                                                                                                                                                                                                                                                                                                          4.7\/5 - (7 votes)        "},{"@context":"https:\/\/schema.org\/","@type":"BreadcrumbList","itemListElement":[{"@type":"ListItem","position":1,"name":"P\u016fj\u010dovna dod\u00e1vek je nejv\u00edce vyt\u00ed\u017een\u00e1 v l\u00e9t\u011b","item":"https:\/\/www.amsareal.cz\/pujcovna-dodavek-je-nejvice-vytizena-v-lete\/#breadcrumbitem"}]}]