[{"@context":"https:\/\/schema.org\/","@type":"Article","@id":"https:\/\/www.amsareal.cz\/velke-srdce\/#Article","mainEntityOfPage":"https:\/\/www.amsareal.cz\/velke-srdce\/","headline":"Ve\u013ek\u00e9 srdce","name":"Ve\u013ek\u00e9 srdce","description":"Moja teta m\u00e1 sedem det\u00ed. V dne\u0161nej dobe je to celkom rarita a rozhodne to nie je \u00faplne be\u017en\u00e9. Je silne veriaci katol\u00ed\u010dka a vyrastala vo ve\u013ekej rodine, tak\u017ee to bol vlastne v\u017edy jej sen. Na\u0161la si k sebe dokonal\u00fd n\u00e1protivok a jej man\u017eel to c\u00edti \u00faplne rovnako. P\u00e4\u0165 det\u00ed maj\u00fa vlastn\u00fdch a \u010fal\u0161ie tri&hellip; <a href=\"https:\/\/www.amsareal.cz\/velke-srdce\/\">Pokra\u010dovat ve \u010dten\u00ed <span class=\"screen-reader-text\">Ve\u013ek\u00e9 srdce<\/span><\/a>","datePublished":"2025-04-27","dateModified":"2025-04-27","author":{"@type":"Person","@id":"https:\/\/www.amsareal.cz\/author\/#Person","name":"amsareal.cz\n","url":"https:\/\/www.amsareal.cz\/author\/","identifier":1,"image":{"@type":"ImageObject","@id":"https:\/\/secure.gravatar.com\/avatar\/d3163b56da0fbe010a5181dcf7396b9bd721056c768c8d190d293b864efe53fe?s=96&d=mm&r=g","url":"https:\/\/secure.gravatar.com\/avatar\/d3163b56da0fbe010a5181dcf7396b9bd721056c768c8d190d293b864efe53fe?s=96&d=mm&r=g","height":96,"width":96}},"publisher":{"@type":"Organization","name":"amsareal.cz","logo":{"@type":"ImageObject","@id":"\/logo.png","url":"\/logo.png","width":600,"height":60}},"url":"https:\/\/www.amsareal.cz\/velke-srdce\/","wordCount":233,"articleBody":" Moja teta m\u00e1 sedem det\u00ed. V dne\u0161nej dobe je to celkom rarita a rozhodne to nie je \u00faplne be\u017en\u00e9. Je silne veriaci katol\u00ed\u010dka a vyrastala vo ve\u013ekej rodine, tak\u017ee to bol vlastne v\u017edy jej sen. Na\u0161la si k sebe dokonal\u00fd n\u00e1protivok a jej man\u017eel to c\u00edti \u00faplne rovnako. P\u00e4\u0165 det\u00ed maj\u00fa vlastn\u00fdch a \u010fal\u0161ie tri maj\u00fa v pest\u00fanskej starostlivosti. Okrem toho sa star\u00e1 e\u0161te o man\u017eelovu mami\u010dku, ktor\u00e1 trp\u00ed demenciou. Mus\u00edm poveda\u0165, \u017ee ju stra\u0161ne obdivujem a v\u00f4bec nech\u00e1pem, ako to m\u00f4\u017ee v\u0161etko zvl\u00e1da\u0165. Dok\u00e1zala aj pri tom v\u0161etkom dia\u013ekovo vy\u0161tudova\u0165 vysok\u00fa \u0161kolu. Je pravda, \u017ee m\u00e1 \u00fa\u017easne vychovan\u00e9 deti, ktor\u00e9 jej so v\u0161etk\u00fdm doma moc pom\u00e1haj\u00fa. Ono by to ani inak ne\u0161lo. Na\u0161e spolo\u010dn\u00e9 chv\u00ed\u013eky Ka\u017ed\u00fd rok, aby si trochu odd\u00fdchli, vyr\u00e1\u017eaj\u00fa na spolo\u010dn\u00fa rodinn\u00fa dovolenku. Len babi\u010dka ide na pr\u00e1zdniny do domu, kde jej poskytn\u00fa profesion\u00e1lnu starostlivos\u0165. Maj\u00fa ve\u013ek\u00e9 rodinn\u00e9 auto, kde sa zmestia pohodlne v\u0161etci a tri diev\u010datk\u00e1 maj\u00fa e\u0161te autosedacky. Auto m\u00e1 aj ve\u013ek\u00fd kufor, tak\u017ee sa im zmest\u00ed na cestu v\u0161etko, \u010do je potrebn\u00e9. Zaka\u017ed\u00fdm si prevez\u00fa hromadu kr\u00e1snych fotiek a p\u00e1r suven\u00edrov na pamiatku.                                                                                                                                                                                                                                                                                                                                                                                                "},{"@context":"https:\/\/schema.org\/","@type":"BreadcrumbList","itemListElement":[{"@type":"ListItem","position":1,"name":"Ve\u013ek\u00e9 srdce","item":"https:\/\/www.amsareal.cz\/velke-srdce\/#breadcrumbitem"}]}]