[{"@context":"https:\/\/schema.org\/","@type":"Article","@id":"https:\/\/www.amsareal.cz\/zimni-zahrada-vase-pycha\/#Article","mainEntityOfPage":"https:\/\/www.amsareal.cz\/zimni-zahrada-vase-pycha\/","headline":"Zimn\u00ed zahrada \u2013 va\u0161e p\u00fdcha","name":"Zimn\u00ed zahrada \u2013 va\u0161e p\u00fdcha","description":"Mo\u017en\u00e1, \u017ee u\u017e m\u00e1te sv\u016fj d\u016fm postaven\u00fd a\u00a0p\u0159em\u00fd\u0161l\u00edte o\u00a0p\u0159\u00edstavb\u011b dal\u0161\u00ed m\u00edstnosti, kterou budete cht\u00edt vyu\u017e\u00edvat celoro\u010dn\u011b jako zimn\u00ed zahradu, proto\u017ee bude vyt\u00e1p\u011bn\u00e1, bude v\u00a0n\u00ed p\u0159\u00edjemn\u00e9 posezen\u00ed obklopen\u00e9 zelen\u00fdmi cizokrajn\u00fdmi rostlinami, nap\u0159\u00edklad citrusy,\u00a0se \u0161irok\u00fdm v\u00fdhledem do okoln\u00ed krajiny. A\u00a0pokud teprve budete stav\u011bt sv\u016fj vysn\u011bn\u00fd domov se zimn\u00ed zahradou, m\u00e1te velkou v\u00fdhodu, proto\u017ee slad\u011bn\u00ed domu s\u00a0touto m\u00edstnost\u00ed&hellip; <a href=\"https:\/\/www.amsareal.cz\/zimni-zahrada-vase-pycha\/\">Pokra\u010dovat ve \u010dten\u00ed <span class=\"screen-reader-text\">Zimn\u00ed zahrada \u2013 va\u0161e p\u00fdcha<\/span><\/a>","datePublished":"2023-04-29","dateModified":"2023-04-29","author":{"@type":"Person","@id":"https:\/\/www.amsareal.cz\/author\/#Person","name":"amsareal.cz\n","url":"https:\/\/www.amsareal.cz\/author\/","identifier":1,"image":{"@type":"ImageObject","@id":"https:\/\/secure.gravatar.com\/avatar\/d3163b56da0fbe010a5181dcf7396b9bd721056c768c8d190d293b864efe53fe?s=96&d=mm&r=g","url":"https:\/\/secure.gravatar.com\/avatar\/d3163b56da0fbe010a5181dcf7396b9bd721056c768c8d190d293b864efe53fe?s=96&d=mm&r=g","height":96,"width":96}},"publisher":{"@type":"Organization","name":"amsareal.cz","logo":{"@type":"ImageObject","@id":"\/logo.png","url":"\/logo.png","width":600,"height":60}},"url":"https:\/\/www.amsareal.cz\/zimni-zahrada-vase-pycha\/","about":["D\u016fm a zahrada"],"wordCount":711,"articleBody":"Mo\u017en\u00e1, \u017ee u\u017e m\u00e1te sv\u016fj d\u016fm postaven\u00fd a\u00a0p\u0159em\u00fd\u0161l\u00edte o\u00a0p\u0159\u00edstavb\u011b dal\u0161\u00ed m\u00edstnosti, kterou budete cht\u00edt vyu\u017e\u00edvat celoro\u010dn\u011b jako zimn\u00ed zahradu, proto\u017ee bude vyt\u00e1p\u011bn\u00e1, bude v\u00a0n\u00ed p\u0159\u00edjemn\u00e9 posezen\u00ed obklopen\u00e9 zelen\u00fdmi cizokrajn\u00fdmi rostlinami, nap\u0159\u00edklad citrusy,\u00a0se \u0161irok\u00fdm v\u00fdhledem do okoln\u00ed krajiny. A\u00a0pokud teprve budete stav\u011bt sv\u016fj vysn\u011bn\u00fd domov se zimn\u00ed zahradou, m\u00e1te velkou v\u00fdhodu, proto\u017ee slad\u011bn\u00ed domu s\u00a0touto m\u00edstnost\u00ed bude o\u00a0mnoho jednodu\u0161\u0161\u00ed.Ne\u017e se pust\u00edte do stavby prosklen\u00e9 m\u00edstnosti, kterou budete vyu\u017e\u00edvat celoro\u010dn\u011b jako zimn\u00ed zahradu, dob\u0159e si ujasn\u011bte svou p\u0159edstavu. Tato stavba m\u00e1 sv\u00e9 ur\u010dit\u00e9 z\u00e1konitosti azimn\u00ed m\u011bs\u00edce jsou ide\u00e1ln\u00ed na pl\u00e1nov\u00e1n\u00ed prosklen\u00e9 zimn\u00ed zahrady. Investice ur\u010dit\u011b nebudou n\u00edzk\u00e9, ale ty v\u00e1m vynahrad\u00ed b\u00e1je\u010dn\u00fd odpo\u010dinek a pot\u011b\u0161en\u00ed z\u00a0velmi p\u0159\u00edjemn\u00e9ho posezen\u00ed.D\u016fle\u017eit\u00e9 jsou ur\u010dit\u00e9 z\u00e1sady, kter\u00e9 si podle zahradn\u00edch architekt\u016f mus\u00edte u stavby zimn\u00ed zahrady ujasnit:\u00b7\u00a0\u00a0\u00a0\u00a0\u00a0\u00a0\u00a0\u00a0 Jak\u00fd bude m\u00edt zahrada tvar\u00b7\u00a0\u00a0\u00a0\u00a0\u00a0\u00a0\u00a0\u00a0 \u00a0St\u0159echa, kter\u00e1 se tvarem p\u0159izp\u016fsob\u00ed zahrad\u011b\u00b7\u00a0\u00a0\u00a0\u00a0\u00a0\u00a0\u00a0\u00a0 v\u00fdb\u011br skla \u00b7\u00a0\u00a0\u00a0\u00a0\u00a0\u00a0\u00a0\u00a0 posuvn\u00e1 st\u0159echa \u2013 jej\u00ed v\u00fdsuvn\u00e9 panely maj\u00ed sv\u00edrat 90 stup\u0148\u016f a panely, kter\u00e9 se otev\u00edraj\u00ed, by m\u011bly b\u00fdt nejm\u00e9n\u011b 2 vedle sebe.\u00a0\u00a0Zasn\u011b\u017een\u00e1 zahradau\u00a0va\u0161eho domu m\u016f\u017ee b\u00fdt kr\u00e1sn\u00e1 i\u00a0v\u00a0zim\u011b, bude z\u00e1le\u017eet na tom, jak\u00e9 rostliny, ke\u0159e a\u00a0stromy si ve sv\u00e9 zahrad\u011b vysad\u00edte. St\u00e1le zelen\u00e9 rostliny, mysl\u00edme jehli\u010dnany, ke\u0159e i listnat\u00e9 stromy, kter\u00e9 na podzim neopad\u00e1vaj\u00ed. Nap\u0159\u00edklad to mohou b\u00fdt na\u0161e jehli\u010dnany \u2013 smrk, borovice, nebo cizokrajn\u00e9 druhy. Do na\u0161ich podm\u00ednek se v\u00edce vysazuj\u00ed st\u00e1lozelen\u00e9 ke\u0159e nap\u0159.: Hlohyn\u011b \u0161arlatov\u00e1m\u00e1 \u010derven\u00e9, oran\u017eov\u00e9 nebo \u017elut\u00e9 plody, kter\u00e9 v\u00e1\u0161 hust\u00fd \u017eiv\u00fd plot v\u00a0zim\u011b proz\u00e1\u0159\u00ed. Je to nen\u00e1ro\u010dn\u00e1 rostlina.Kalina vr\u00e1s\u010ditolist\u00e1,tento vysok\u00fd ke\u0159 m\u00e1 p\u0159ekr\u00e1sn\u00e9 b\u00edl\u00e9 kv\u011bty na ja\u0159e, na podzim a\u00a0za\u010d\u00e1tkemzimy jej\u00ed ohniv\u011b \u010derven\u00e9 plody sv\u00edt\u00ed na d\u00e1lku. Jak plody dozr\u00e1vaj\u00ed, postupn\u00e9 \u010dernaj\u00ed. Barv\u00ednek men\u0161\u00ed (br\u010d\u00e1l barv\u00ednek) je s\u00a0oblibou vysazov\u00e1n v\u00a0zahrad\u00e1ch jako p\u016fdo-pokryvn\u00e1 rostlina. Tento p\u0159\u00edzemn\u00ed poloke\u0159\u00edk roste divoce i\u00a0v\u00a0na\u0161ich les\u00edch. M\u00e1 n\u00e1dhern\u00e9 st\u00e1le zelen\u00e9 listy, kv\u011bty jsou modr\u00e9 nebo fialov\u00e9 i\u00a0b\u00edl\u00e9.\u00a0St\u00e1le zelen\u00e9 ke\u0159er\u016fzn\u00e9ho vzr\u016fstu m\u016f\u017eete vyu\u017e\u00edt na \u017eiv\u00fd plot, kter\u00fd nejenom o\u017eiv\u00ed va\u0161i zahradu, ale z\u00e1rove\u0148 ochr\u00e1n\u00ed va\u0161e soukrom\u00ed po cel\u00fd rok. Tyto ke\u0159e v\u011bt\u0161inou rozkvetou na podzim a\u00a0v\u00a0zim\u011b ozdob\u00ed va\u0161i zahradu n\u00e1dhern\u00fdmi barevn\u00fdmi plody.\u00a0V\u0161em t\u011bmto rostlin\u00e1m je pot\u0159eba vybrat vhodn\u00e9 stanovi\u0161t\u011b, nejvhodn\u011bj\u0161\u00ed je z\u00e1padn\u00ed nebo severn\u00ed strana domu, aby na rostliny nedopadalo zimn\u00ed slunce. T\u00e9\u017e je vhodn\u00e9, aby byly v\u00a0bl\u00edzkosti skupiny strom\u016f (a\u0165 jehli\u010dnan\u016f nebo v\u00a0bl\u00edzkosti hust\u00fdch listnat\u00fdch strom\u016f.St\u00e1lozelen\u00e9 stromy jsou n\u00e1chyln\u00e9 na \u00fapal a\u00a0v\u00a0zim\u011b na p\u0159\u00edm\u00e9m slunci v\u011bt\u0161inou usychaj\u00ed. Slo\u017een\u00ed p\u016fdy: hlinit\u00e1, dob\u0159e propustn\u00e1 a\u00a0vlhk\u00e1, ale nesm\u00ed b\u00fdt velmi mokr\u00e1.Rostliny v\u00a0zimn\u00edch m\u011bs\u00edc\u00edch chr\u00e1n\u00edme p\u0159ed t\u00edhou sn\u011bhu, kter\u00fd set\u0159eseme, p\u0159\u00edpadn\u011b v\u011btve sv\u00e1\u017eeme, aby se pod t\u011b\u017ek\u00fdm sn\u011bhem nezlomily. Kdy\u017e jsou zimn\u00ed m\u011bs\u00edce bez vl\u00e1hy a\u00a0nemrzne, stromy a\u00a0ke\u0159e pravideln\u011b zavla\u017eujte. Jak napadne sn\u00edh, tak ho p\u0159ihr\u0148te ke v\u0161em rostlin\u00e1m, je\u017e bude pozd\u011bji zdrojem vl\u00e1hy a\u00a0p\u0159itom ochr\u00e1n\u00ed ko\u0159eny rostlin p\u0159ed mrazem.V\u00fdsadba st\u00e1le zelen\u00fdch rostlin je bu\u010f na ja\u0159e. Na podzim v\u00fdsadbu prov\u00e1d\u00edme od poloviny srpna do konce z\u00e1\u0159\u00ed.Jinak rostliny nemaj\u00ed \u010das na dobr\u00e9 zako\u0159en\u011bn\u00ed. Rostliny se mus\u00ed v\u017edy d\u016fkladn\u00e9 zal\u00edt. P\u0159edp\u011bstovan\u00e9 st\u00e1le zelen\u00e9 rostliny se m\u016f\u017eou p\u0159esazovat kdykoliv, krom\u011b zimn\u00edho obdob\u00ed.                                                                                                                                                                                                                                                                                                                                                                                        4.5\/5 - (14 votes)        "},{"@context":"https:\/\/schema.org\/","@type":"BreadcrumbList","itemListElement":[{"@type":"ListItem","position":1,"name":"Zimn\u00ed zahrada \u2013 va\u0161e p\u00fdcha","item":"https:\/\/www.amsareal.cz\/zimni-zahrada-vase-pycha\/#breadcrumbitem"}]}]