[{"@context":"https:\/\/schema.org\/","@type":"Article","@id":"https:\/\/www.amsareal.cz\/zprijemnete-si-den-tim-pravym-radiem\/#Article","mainEntityOfPage":"https:\/\/www.amsareal.cz\/zprijemnete-si-den-tim-pravym-radiem\/","headline":"Zp\u0159\u00edjemn\u011bte si den t\u00edm prav\u00fdm r\u00e1diem","name":"Zp\u0159\u00edjemn\u011bte si den t\u00edm prav\u00fdm r\u00e1diem","description":"Chcete, aby byl V\u00e1\u0161 den mnohem v\u00edc pohodov\u00fd? R\u00e1di byste, aby V\u00e1m to v\u00a0pr\u00e1ci rychleji ut\u00edkalo a v\u0161e bylo mnohem p\u0159\u00edjemn\u011bj\u0161\u00ed? Nebo V\u00e1s dlouh\u00e9 st\u00e1n\u00ed v\u00a0n\u011bjak\u00e9 t\u00e9 kolon\u011b doslova doh\u00e1n\u00ed k\u00a0\u0161\u00edlenstv\u00ed? Tak pro\u010d si takov\u00e9 v\u011bci nezp\u0159\u00edjemnit? Hudba dok\u00e1\u017ee z\u00e1zraky a v\u011b\u0159te tomu, \u017ee s\u00a0n\u00ed bude v\u0161echno mnohem jednodu\u0161\u0161\u00ed a z\u00e1bavn\u011bj\u0161\u00ed. A pr\u00e1v\u011b proto je&hellip; <a href=\"https:\/\/www.amsareal.cz\/zprijemnete-si-den-tim-pravym-radiem\/\">Pokra\u010dovat ve \u010dten\u00ed <span class=\"screen-reader-text\">Zp\u0159\u00edjemn\u011bte si den t\u00edm prav\u00fdm r\u00e1diem<\/span><\/a>","datePublished":"2024-01-12","dateModified":"2024-01-12","author":{"@type":"Person","@id":"https:\/\/www.amsareal.cz\/author\/#Person","name":"amsareal.cz\n","url":"https:\/\/www.amsareal.cz\/author\/","identifier":1,"image":{"@type":"ImageObject","@id":"https:\/\/secure.gravatar.com\/avatar\/d3163b56da0fbe010a5181dcf7396b9bd721056c768c8d190d293b864efe53fe?s=96&d=mm&r=g","url":"https:\/\/secure.gravatar.com\/avatar\/d3163b56da0fbe010a5181dcf7396b9bd721056c768c8d190d293b864efe53fe?s=96&d=mm&r=g","height":96,"width":96}},"publisher":{"@type":"Organization","name":"amsareal.cz","logo":{"@type":"ImageObject","@id":"\/logo.png","url":"\/logo.png","width":600,"height":60}},"url":"https:\/\/www.amsareal.cz\/zprijemnete-si-den-tim-pravym-radiem\/","wordCount":253,"articleBody":"Chcete, aby byl V\u00e1\u0161 den mnohem v\u00edc pohodov\u00fd? R\u00e1di byste, aby V\u00e1m to v\u00a0pr\u00e1ci rychleji ut\u00edkalo a v\u0161e bylo mnohem p\u0159\u00edjemn\u011bj\u0161\u00ed? Nebo V\u00e1s dlouh\u00e9 st\u00e1n\u00ed v\u00a0n\u011bjak\u00e9 t\u00e9 kolon\u011b doslova doh\u00e1n\u00ed k\u00a0\u0161\u00edlenstv\u00ed? Tak pro\u010d si takov\u00e9 v\u011bci nezp\u0159\u00edjemnit? Hudba dok\u00e1\u017ee z\u00e1zraky a v\u011b\u0159te tomu, \u017ee s\u00a0n\u00ed bude v\u0161echno mnohem jednodu\u0161\u0161\u00ed a z\u00e1bavn\u011bj\u0161\u00ed. A pr\u00e1v\u011b proto je tu pro V\u00e1s r\u00e1dio blan\u00edk. V\u011b\u0159te tomu, \u017ee V\u00e1m poskytne kvalitn\u00ed hudebn\u00ed doprovod. Do\u010dk\u00e1te se jak zahrani\u010dn\u00edch hit\u016f, tak i t\u011bch \u010desk\u00fdch. Uvid\u00edte, \u017ee d\u00edky tomu v\u0161e p\u016fjde mnohem sn\u00e1z a bude to pro V\u00e1s mnohem z\u00e1bavn\u011bj\u0161\u00ed.\tDo\u010dk\u00e1te se i u\u017eite\u010dn\u00fdch informac\u00edNen\u00ed to ov\u0161em pouze o poslechu hudby. R\u00e1di V\u00e1m poskytneme informace, kter\u00e9 by V\u00e1s mohli zaj\u00edmat. Tak\u017ee d\u00edky n\u00e1m budete m\u00edt p\u0159ehled o doprav\u011b, po\u010das\u00ed \u010di d\u011bn\u00ed ve sv\u011bt\u011b. I to zajist\u00e9 ocen\u00edte. A proto nev\u00e1hejte a dejte \u0161anci t\u00e9 spr\u00e1vn\u00e9 hudb\u011b je\u0161t\u011b, my V\u00e1m ji velmi r\u00e1di poskytneme. Uvid\u00edte, \u017ee se n\u00e1m poda\u0159\u00ed zlep\u0161it V\u00e1\u0161 den. M\u016f\u017eete n\u00e1s poslouchat samoz\u0159ejm\u011b i pomoc\u00ed internetu. Tak u\u017e nev\u00e1hejte a nala\u010fte se s\u00a0n\u00e1mi na tu spr\u00e1vnou vlnu.                                                                                                                                                                                                                                                                                                                                                                                        4.1\/5 - (7 votes)        "},{"@context":"https:\/\/schema.org\/","@type":"BreadcrumbList","itemListElement":[{"@type":"ListItem","position":1,"name":"Zp\u0159\u00edjemn\u011bte si den t\u00edm prav\u00fdm r\u00e1diem","item":"https:\/\/www.amsareal.cz\/zprijemnete-si-den-tim-pravym-radiem\/#breadcrumbitem"}]}]